{"id":16062,"date":"2021-10-26T20:55:46","date_gmt":"2021-10-26T20:55:46","guid":{"rendered":"https:\/\/huebsch.com\/latam\/?p=16062"},"modified":"2021-10-26T20:55:46","modified_gmt":"2021-10-26T20:55:46","slug":"del-lavado-a-manos-a-la-alta-tecnologia-la-historia-de-la-lavanderia","status":"publish","type":"post","link":"https:\/\/huebsch.com\/latam\/del-lavado-a-manos-a-la-alta-tecnologia-la-historia-de-la-lavanderia\/","title":{"rendered":"Del lavado a manos a la alta tecnolog\u00eda: La Historia de la Lavander\u00eda"},"content":{"rendered":"<p>De las lavander\u00edas centenarias hasta las m\u00e1quinas de lavar centenarias, hay mucho m\u00e1s en la historia de la lavander\u00eda de lo que pens\u00e1bamos<\/p>\n<p><strong>Lavander\u00edas Romanas Antiguas<\/strong><\/p>\n<p>Si bien puedes pensar que dejar tus ropas en la lavander\u00eda es un invento del siglo XX, externalizar esta tarea dom\u00e9stica se remonta a la antigua Roma.<\/p>\n<p>Las lavander\u00edas p\u00fablicas se llamaban <em>Fullonica<\/em>, que funcionaban tanto con personas que lavaban la ropa como, de cierto modo, de las propias\u00a0 m\u00e1quinas de lavar. Ropas \u2014 la mayor parte de ellas estaban hechas de lana \u2014 se pon\u00edan en grandes tinas, donde el proceso de lavado era parecido con el proceso de pisar uvas. Excepto, en este caso, pisar en las ropas soltaba la suciedad.<\/p>\n<p>Una vez que las ropas estaban limpias, se colgaban para secar y luego se cepillaban y cardaban para sacar el fieltro. Para ayudar a mantenerlas blancas, entonces se colgaban en cestas llenas de azufre o se refregaban con arcilla blanca.<\/p>\n<p><strong>Pala de Lavar Ropas<\/strong><\/p>\n<p>Los europeos medievales no depend\u00edan de las opciones de limpieza p\u00fablica. Usando una combinaci\u00f3n de palas de lavar, tablas de fregar y el r\u00edo local, incluso cuando ese r\u00edo estaba congelado, literalmente ellos golpeaban la suciedad de sus ropas.<\/p>\n<p>Y si bien hoy podemos tirar una carga de ropa a diario o al menos hacer varias cargas a la semana, en ese entonces era com\u00fan\u00a0acumular un mont\u00f3n de ropa durante semanas o meses y luego lavarlas todas a la vez. Simplemente tardaba mucho lavar y secar todo.<\/p>\n<p>Adem\u00e1s, el jab\u00f3n no siempre fue parte de la historia inicial del lavado de ropas, aunque podr\u00eda usarse para limpiar manchas. En cambio, la ropa se empapaba en lej\u00eda, en un proceso llamado <em>bucking<\/em>, que estaba destinado a blanquear y limpiar las ropas.<\/p>\n<p>A lo largo del tiempo, el r\u00edo fue gradualmente\u00a0reemplazado por grandes tinas de agua y tablas de lavar. Y una vez m\u00e1s, se volvi\u00f3 com\u00fan enviar la ropa a lavar.<\/p>\n<p><strong>Nace la M\u00e1quina de Lavar<\/strong><\/p>\n<p>Si tuvieras que especular sobre la edad de las lavadoras, \u00bfCu\u00e1ntos a\u00f1os crees que tiene? \u00bfCien a\u00f1os? \u00bf150? Resulta que la primera lavadora fue dise\u00f1ada\u00a0<a href=\"https:\/\/www.ohea.on.ca\/blog\/the-brief-history-of-laundry\">por\u00a0H. Sidgier, de Gran Breta\u00f1a, en 1782<\/a>. Por supuesto, no se parec\u00eda mucho a lo que hoy consideramos una m\u00e1quina de lavar ropas.<\/p>\n<p>Pero es posible que te sorprendas al saber que incluso la lavadora el\u00e9ctrica moderna es probablemente una parte m\u00e1s antigua de la historia de la lavander\u00eda de lo que crees. De hecho, el primero se invent\u00f3 alrededor de 1900 y\u00a0la primera comercializada <strong>\u2014<\/strong> se llamaba Thor y se lanz\u00f3 en 1907.<\/p>\n<p>A diferencia de las m\u00e1quinas de lavar actuales, que agitan, liberan detergente en momentos determinados y mucho m\u00e1s, lo \u00fanico que hac\u00eda la lavadora original era girar la tina. Resulta que la tina no era impermeable y el motor no estaba protegido, lo que provoc\u00f3 cortocircuitos y accidentes el\u00e9ctricos.<\/p>\n<p>Y muy importante para nosotros, un a\u00f1o despu\u00e9s,\u00a0en 1908, Joe Barlow y John Seelig fundaron Barlow &amp; Seelig Manufacturing, una empresa que hoy conocemos como Speed \u200b\u200bQueen.<\/p>\n<p>Despu\u00e9s de eso, parece que cada d\u00e9cada ha tra\u00eddo nuevos avances en la historia de las m\u00e1quinas de lavar ropa:<\/p>\n<ul>\n<li><strong>1927:<\/strong> Se incorpor\u00f3 por primera vez la funci\u00f3n centrifugar.<\/li>\n<li><strong>1937:<\/strong> Se patent\u00f3 la primera m\u00e1quina que pod\u00eda lavar, enjuagar y centrifugar en un ciclo.<\/li>\n<li><strong>D\u00e9cada de 1950<\/strong>: Se introdujeron las m\u00e1quinas de lavar autom\u00e1ticas que controlan todo, desde la temperatura del agua hasta los tiempos de ciclo, y comenzaron a ser m\u00e1s comunes en las lavander\u00edas y, ocasionalmente, en los hogares.<\/li>\n<li><strong>D\u00e9cada de 1980:<\/strong> Se incorporaron m\u00e1s componentes electr\u00f3nicos, como microprocesadores, lo que permiti\u00f3 que las m\u00e1quinas consumieran menos agua y electricidad.<\/li>\n<li><strong>1997:<\/strong> Se introdujo el primer ciclo de lana, algo que probablemente a los antiguos romanos les hubiera encantado.<\/li>\n<\/ul>\n<p>&nbsp;<\/p>\n<p>&nbsp;<\/p>\n<p>&nbsp;<\/p>\n","protected":false},"excerpt":{"rendered":"<p>De las lavander\u00edas centenarias hasta las m\u00e1quinas de lavar centenarias,  [&#8230;]<\/p>\n","protected":false},"author":6,"featured_media":15215,"comment_status":"open","ping_status":"open","sticky":false,"template":"","format":"standard","meta":{"_acf_changed":false,"footnotes":""},"categories":[1161],"tags":[],"class_list":["post-16062","post","type-post","status-publish","format-standard","has-post-thumbnail","hentry","category-sin-categorizar"],"acf":[],"yoast_head":"<!-- This site is optimized with the Yoast SEO Premium plugin v20.12 (Yoast SEO v26.5) - https:\/\/yoast.com\/wordpress\/plugins\/seo\/ -->\n<title>Del lavado a manos a la alta tecnolog\u00eda: La Historia de la Lavander\u00eda - Huebsch Latin America<\/title>\n<meta name=\"description\" content=\"De las lavander\u00edas centenarias hasta las m\u00e1quinas de lavar centenarias, hay mucho m\u00e1s en la historia de la lavander\u00eda de lo que pens\u00e1bamos\" \/>\n<meta name=\"robots\" content=\"index, follow, max-snippet:-1, max-image-preview:large, max-video-preview:-1\" \/>\n<link rel=\"canonical\" href=\"https:\/\/huebsch.com\/latam\/del-lavado-a-manos-a-la-alta-tecnologia-la-historia-de-la-lavanderia\/\" \/>\n<meta property=\"og:locale\" content=\"es_ES\" \/>\n<meta property=\"og:type\" content=\"article\" \/>\n<meta property=\"og:title\" content=\"Del lavado a manos a la alta tecnolog\u00eda: La Historia de la Lavander\u00eda\" \/>\n<meta property=\"og:description\" content=\"De las lavander\u00edas centenarias hasta las m\u00e1quinas de lavar centenarias, hay mucho m\u00e1s en la historia de la lavander\u00eda de lo que pens\u00e1bamos\" \/>\n<meta property=\"og:url\" content=\"https:\/\/huebsch.com\/latam\/del-lavado-a-manos-a-la-alta-tecnologia-la-historia-de-la-lavanderia\/\" \/>\n<meta property=\"og:site_name\" content=\"Huebsch Latin America\" \/>\n<meta property=\"article:publisher\" content=\"https:\/\/www.facebook.com\/Huebsch\/\" \/>\n<meta property=\"article:published_time\" content=\"2021-10-26T20:55:46+00:00\" \/>\n<meta property=\"og:image\" content=\"https:\/\/huebsch.com\/latam\/wp-content\/uploads\/sites\/14\/2019\/07\/Enviro_Cityscape_2.jpg\" \/>\n\t<meta property=\"og:image:width\" content=\"938\" \/>\n\t<meta property=\"og:image:height\" content=\"250\" \/>\n\t<meta property=\"og:image:type\" content=\"image\/jpeg\" \/>\n<meta name=\"author\" content=\"Alliance Laundry Systems\" \/>\n<meta name=\"twitter:card\" content=\"summary_large_image\" \/>\n<meta name=\"twitter:label1\" content=\"Escrito por\" \/>\n\t<meta name=\"twitter:data1\" content=\"Alliance Laundry Systems\" \/>\n\t<meta name=\"twitter:label2\" content=\"Tiempo de lectura\" \/>\n\t<meta name=\"twitter:data2\" content=\"3 minutos\" \/>\n<script type=\"application\/ld+json\" class=\"yoast-schema-graph\">{\"@context\":\"https:\/\/schema.org\",\"@graph\":[{\"@type\":\"Article\",\"@id\":\"https:\/\/huebsch.com\/latam\/del-lavado-a-manos-a-la-alta-tecnologia-la-historia-de-la-lavanderia\/#article\",\"isPartOf\":{\"@id\":\"https:\/\/huebsch.com\/latam\/del-lavado-a-manos-a-la-alta-tecnologia-la-historia-de-la-lavanderia\/\"},\"author\":{\"name\":\"Alliance Laundry Systems\",\"@id\":\"https:\/\/huebsch.com\/latam\/#\/schema\/person\/58aff8e2c3f7ae3ede560612f2093e16\"},\"headline\":\"Del lavado a manos a la alta tecnolog\u00eda: La Historia de la Lavander\u00eda\",\"datePublished\":\"2021-10-26T20:55:46+00:00\",\"mainEntityOfPage\":{\"@id\":\"https:\/\/huebsch.com\/latam\/del-lavado-a-manos-a-la-alta-tecnologia-la-historia-de-la-lavanderia\/\"},\"wordCount\":692,\"commentCount\":0,\"publisher\":{\"@id\":\"https:\/\/huebsch.com\/latam\/#organization\"},\"image\":{\"@id\":\"https:\/\/huebsch.com\/latam\/del-lavado-a-manos-a-la-alta-tecnologia-la-historia-de-la-lavanderia\/#primaryimage\"},\"thumbnailUrl\":\"https:\/\/huebsch.com\/latam\/wp-content\/uploads\/sites\/14\/2019\/07\/Enviro_Cityscape_2.jpg\",\"articleSection\":[\"Sin categorizar\"],\"inLanguage\":\"es\",\"potentialAction\":[{\"@type\":\"CommentAction\",\"name\":\"Comment\",\"target\":[\"https:\/\/huebsch.com\/latam\/del-lavado-a-manos-a-la-alta-tecnologia-la-historia-de-la-lavanderia\/#respond\"]}]},{\"@type\":\"WebPage\",\"@id\":\"https:\/\/huebsch.com\/latam\/del-lavado-a-manos-a-la-alta-tecnologia-la-historia-de-la-lavanderia\/\",\"url\":\"https:\/\/huebsch.com\/latam\/del-lavado-a-manos-a-la-alta-tecnologia-la-historia-de-la-lavanderia\/\",\"name\":\"Del lavado a manos a la alta tecnolog\u00eda: La Historia de la Lavander\u00eda - Huebsch Latin America\",\"isPartOf\":{\"@id\":\"https:\/\/huebsch.com\/latam\/#website\"},\"primaryImageOfPage\":{\"@id\":\"https:\/\/huebsch.com\/latam\/del-lavado-a-manos-a-la-alta-tecnologia-la-historia-de-la-lavanderia\/#primaryimage\"},\"image\":{\"@id\":\"https:\/\/huebsch.com\/latam\/del-lavado-a-manos-a-la-alta-tecnologia-la-historia-de-la-lavanderia\/#primaryimage\"},\"thumbnailUrl\":\"https:\/\/huebsch.com\/latam\/wp-content\/uploads\/sites\/14\/2019\/07\/Enviro_Cityscape_2.jpg\",\"datePublished\":\"2021-10-26T20:55:46+00:00\",\"description\":\"De las lavander\u00edas centenarias hasta las m\u00e1quinas de lavar centenarias, hay mucho m\u00e1s en la historia de la lavander\u00eda de lo que pens\u00e1bamos\",\"breadcrumb\":{\"@id\":\"https:\/\/huebsch.com\/latam\/del-lavado-a-manos-a-la-alta-tecnologia-la-historia-de-la-lavanderia\/#breadcrumb\"},\"inLanguage\":\"es\",\"potentialAction\":[{\"@type\":\"ReadAction\",\"target\":[\"https:\/\/huebsch.com\/latam\/del-lavado-a-manos-a-la-alta-tecnologia-la-historia-de-la-lavanderia\/\"]}]},{\"@type\":\"ImageObject\",\"inLanguage\":\"es\",\"@id\":\"https:\/\/huebsch.com\/latam\/del-lavado-a-manos-a-la-alta-tecnologia-la-historia-de-la-lavanderia\/#primaryimage\",\"url\":\"https:\/\/huebsch.com\/latam\/wp-content\/uploads\/sites\/14\/2019\/07\/Enviro_Cityscape_2.jpg\",\"contentUrl\":\"https:\/\/huebsch.com\/latam\/wp-content\/uploads\/sites\/14\/2019\/07\/Enviro_Cityscape_2.jpg\",\"width\":938,\"height\":250},{\"@type\":\"BreadcrumbList\",\"@id\":\"https:\/\/huebsch.com\/latam\/del-lavado-a-manos-a-la-alta-tecnologia-la-historia-de-la-lavanderia\/#breadcrumb\",\"itemListElement\":[{\"@type\":\"ListItem\",\"position\":1,\"name\":\"Home\",\"item\":\"https:\/\/huebsch.com\/latam\/\"},{\"@type\":\"ListItem\",\"position\":2,\"name\":\"Del lavado a manos a la alta tecnolog\u00eda: La Historia de la Lavander\u00eda\"}]},{\"@type\":\"WebSite\",\"@id\":\"https:\/\/huebsch.com\/latam\/#website\",\"url\":\"https:\/\/huebsch.com\/latam\/\",\"name\":\"Huebsch Latin America\",\"description\":\"Your Smart Laundry Partner\",\"publisher\":{\"@id\":\"https:\/\/huebsch.com\/latam\/#organization\"},\"potentialAction\":[{\"@type\":\"SearchAction\",\"target\":{\"@type\":\"EntryPoint\",\"urlTemplate\":\"https:\/\/huebsch.com\/latam\/?s={search_term_string}\"},\"query-input\":{\"@type\":\"PropertyValueSpecification\",\"valueRequired\":true,\"valueName\":\"search_term_string\"}}],\"inLanguage\":\"es\"},{\"@type\":\"Organization\",\"@id\":\"https:\/\/huebsch.com\/latam\/#organization\",\"name\":\"Huebsch\",\"url\":\"https:\/\/huebsch.com\/latam\/\",\"logo\":{\"@type\":\"ImageObject\",\"inLanguage\":\"es\",\"@id\":\"https:\/\/huebsch.com\/latam\/#\/schema\/logo\/image\/\",\"url\":\"https:\/\/staging.huebsch.com\/latam\/wp-content\/uploads\/sites\/14\/2019\/04\/Huebsch_Color_RGB-e1554987923330.png\",\"contentUrl\":\"https:\/\/staging.huebsch.com\/latam\/wp-content\/uploads\/sites\/14\/2019\/04\/Huebsch_Color_RGB-e1554987923330.png\",\"width\":295,\"height\":70,\"caption\":\"Huebsch\"},\"image\":{\"@id\":\"https:\/\/huebsch.com\/latam\/#\/schema\/logo\/image\/\"},\"sameAs\":[\"https:\/\/www.facebook.com\/Huebsch\/\"]},{\"@type\":\"Person\",\"@id\":\"https:\/\/huebsch.com\/latam\/#\/schema\/person\/58aff8e2c3f7ae3ede560612f2093e16\",\"name\":\"Alliance Laundry Systems\",\"image\":{\"@type\":\"ImageObject\",\"inLanguage\":\"es\",\"@id\":\"https:\/\/huebsch.com\/latam\/#\/schema\/person\/image\/\",\"url\":\"https:\/\/secure.gravatar.com\/avatar\/89f36d899449c1c4eadf8650f60d61f28aad64b12c66f9cd84fb7129acb87f33?s=96&d=mm&r=g\",\"contentUrl\":\"https:\/\/secure.gravatar.com\/avatar\/89f36d899449c1c4eadf8650f60d61f28aad64b12c66f9cd84fb7129acb87f33?s=96&d=mm&r=g\",\"caption\":\"Alliance Laundry Systems\"}}]}<\/script>\n<!-- \/ Yoast SEO Premium plugin. -->","yoast_head_json":{"title":"Del lavado a manos a la alta tecnolog\u00eda: La Historia de la Lavander\u00eda - Huebsch Latin America","description":"De las lavander\u00edas centenarias hasta las m\u00e1quinas de lavar centenarias, hay mucho m\u00e1s en la historia de la lavander\u00eda de lo que pens\u00e1bamos","robots":{"index":"index","follow":"follow","max-snippet":"max-snippet:-1","max-image-preview":"max-image-preview:large","max-video-preview":"max-video-preview:-1"},"canonical":"https:\/\/huebsch.com\/latam\/del-lavado-a-manos-a-la-alta-tecnologia-la-historia-de-la-lavanderia\/","og_locale":"es_ES","og_type":"article","og_title":"Del lavado a manos a la alta tecnolog\u00eda: La Historia de la Lavander\u00eda","og_description":"De las lavander\u00edas centenarias hasta las m\u00e1quinas de lavar centenarias, hay mucho m\u00e1s en la historia de la lavander\u00eda de lo que pens\u00e1bamos","og_url":"https:\/\/huebsch.com\/latam\/del-lavado-a-manos-a-la-alta-tecnologia-la-historia-de-la-lavanderia\/","og_site_name":"Huebsch Latin America","article_publisher":"https:\/\/www.facebook.com\/Huebsch\/","article_published_time":"2021-10-26T20:55:46+00:00","og_image":[{"width":938,"height":250,"url":"https:\/\/huebsch.com\/latam\/wp-content\/uploads\/sites\/14\/2019\/07\/Enviro_Cityscape_2.jpg","type":"image\/jpeg"}],"author":"Alliance Laundry Systems","twitter_card":"summary_large_image","twitter_misc":{"Escrito por":"Alliance Laundry Systems","Tiempo de lectura":"3 minutos"},"schema":{"@context":"https:\/\/schema.org","@graph":[{"@type":"Article","@id":"https:\/\/huebsch.com\/latam\/del-lavado-a-manos-a-la-alta-tecnologia-la-historia-de-la-lavanderia\/#article","isPartOf":{"@id":"https:\/\/huebsch.com\/latam\/del-lavado-a-manos-a-la-alta-tecnologia-la-historia-de-la-lavanderia\/"},"author":{"name":"Alliance Laundry Systems","@id":"https:\/\/huebsch.com\/latam\/#\/schema\/person\/58aff8e2c3f7ae3ede560612f2093e16"},"headline":"Del lavado a manos a la alta tecnolog\u00eda: La Historia de la Lavander\u00eda","datePublished":"2021-10-26T20:55:46+00:00","mainEntityOfPage":{"@id":"https:\/\/huebsch.com\/latam\/del-lavado-a-manos-a-la-alta-tecnologia-la-historia-de-la-lavanderia\/"},"wordCount":692,"commentCount":0,"publisher":{"@id":"https:\/\/huebsch.com\/latam\/#organization"},"image":{"@id":"https:\/\/huebsch.com\/latam\/del-lavado-a-manos-a-la-alta-tecnologia-la-historia-de-la-lavanderia\/#primaryimage"},"thumbnailUrl":"https:\/\/huebsch.com\/latam\/wp-content\/uploads\/sites\/14\/2019\/07\/Enviro_Cityscape_2.jpg","articleSection":["Sin categorizar"],"inLanguage":"es","potentialAction":[{"@type":"CommentAction","name":"Comment","target":["https:\/\/huebsch.com\/latam\/del-lavado-a-manos-a-la-alta-tecnologia-la-historia-de-la-lavanderia\/#respond"]}]},{"@type":"WebPage","@id":"https:\/\/huebsch.com\/latam\/del-lavado-a-manos-a-la-alta-tecnologia-la-historia-de-la-lavanderia\/","url":"https:\/\/huebsch.com\/latam\/del-lavado-a-manos-a-la-alta-tecnologia-la-historia-de-la-lavanderia\/","name":"Del lavado a manos a la alta tecnolog\u00eda: La Historia de la Lavander\u00eda - Huebsch Latin America","isPartOf":{"@id":"https:\/\/huebsch.com\/latam\/#website"},"primaryImageOfPage":{"@id":"https:\/\/huebsch.com\/latam\/del-lavado-a-manos-a-la-alta-tecnologia-la-historia-de-la-lavanderia\/#primaryimage"},"image":{"@id":"https:\/\/huebsch.com\/latam\/del-lavado-a-manos-a-la-alta-tecnologia-la-historia-de-la-lavanderia\/#primaryimage"},"thumbnailUrl":"https:\/\/huebsch.com\/latam\/wp-content\/uploads\/sites\/14\/2019\/07\/Enviro_Cityscape_2.jpg","datePublished":"2021-10-26T20:55:46+00:00","description":"De las lavander\u00edas centenarias hasta las m\u00e1quinas de lavar centenarias, hay mucho m\u00e1s en la historia de la lavander\u00eda de lo que pens\u00e1bamos","breadcrumb":{"@id":"https:\/\/huebsch.com\/latam\/del-lavado-a-manos-a-la-alta-tecnologia-la-historia-de-la-lavanderia\/#breadcrumb"},"inLanguage":"es","potentialAction":[{"@type":"ReadAction","target":["https:\/\/huebsch.com\/latam\/del-lavado-a-manos-a-la-alta-tecnologia-la-historia-de-la-lavanderia\/"]}]},{"@type":"ImageObject","inLanguage":"es","@id":"https:\/\/huebsch.com\/latam\/del-lavado-a-manos-a-la-alta-tecnologia-la-historia-de-la-lavanderia\/#primaryimage","url":"https:\/\/huebsch.com\/latam\/wp-content\/uploads\/sites\/14\/2019\/07\/Enviro_Cityscape_2.jpg","contentUrl":"https:\/\/huebsch.com\/latam\/wp-content\/uploads\/sites\/14\/2019\/07\/Enviro_Cityscape_2.jpg","width":938,"height":250},{"@type":"BreadcrumbList","@id":"https:\/\/huebsch.com\/latam\/del-lavado-a-manos-a-la-alta-tecnologia-la-historia-de-la-lavanderia\/#breadcrumb","itemListElement":[{"@type":"ListItem","position":1,"name":"Home","item":"https:\/\/huebsch.com\/latam\/"},{"@type":"ListItem","position":2,"name":"Del lavado a manos a la alta tecnolog\u00eda: La Historia de la Lavander\u00eda"}]},{"@type":"WebSite","@id":"https:\/\/huebsch.com\/latam\/#website","url":"https:\/\/huebsch.com\/latam\/","name":"Huebsch Latin America","description":"Your Smart Laundry Partner","publisher":{"@id":"https:\/\/huebsch.com\/latam\/#organization"},"potentialAction":[{"@type":"SearchAction","target":{"@type":"EntryPoint","urlTemplate":"https:\/\/huebsch.com\/latam\/?s={search_term_string}"},"query-input":{"@type":"PropertyValueSpecification","valueRequired":true,"valueName":"search_term_string"}}],"inLanguage":"es"},{"@type":"Organization","@id":"https:\/\/huebsch.com\/latam\/#organization","name":"Huebsch","url":"https:\/\/huebsch.com\/latam\/","logo":{"@type":"ImageObject","inLanguage":"es","@id":"https:\/\/huebsch.com\/latam\/#\/schema\/logo\/image\/","url":"https:\/\/staging.huebsch.com\/latam\/wp-content\/uploads\/sites\/14\/2019\/04\/Huebsch_Color_RGB-e1554987923330.png","contentUrl":"https:\/\/staging.huebsch.com\/latam\/wp-content\/uploads\/sites\/14\/2019\/04\/Huebsch_Color_RGB-e1554987923330.png","width":295,"height":70,"caption":"Huebsch"},"image":{"@id":"https:\/\/huebsch.com\/latam\/#\/schema\/logo\/image\/"},"sameAs":["https:\/\/www.facebook.com\/Huebsch\/"]},{"@type":"Person","@id":"https:\/\/huebsch.com\/latam\/#\/schema\/person\/58aff8e2c3f7ae3ede560612f2093e16","name":"Alliance Laundry Systems","image":{"@type":"ImageObject","inLanguage":"es","@id":"https:\/\/huebsch.com\/latam\/#\/schema\/person\/image\/","url":"https:\/\/secure.gravatar.com\/avatar\/89f36d899449c1c4eadf8650f60d61f28aad64b12c66f9cd84fb7129acb87f33?s=96&d=mm&r=g","contentUrl":"https:\/\/secure.gravatar.com\/avatar\/89f36d899449c1c4eadf8650f60d61f28aad64b12c66f9cd84fb7129acb87f33?s=96&d=mm&r=g","caption":"Alliance Laundry Systems"}}]}},"_links":{"self":[{"href":"https:\/\/huebsch.com\/latam\/wp-json\/wp\/v2\/posts\/16062","targetHints":{"allow":["GET"]}}],"collection":[{"href":"https:\/\/huebsch.com\/latam\/wp-json\/wp\/v2\/posts"}],"about":[{"href":"https:\/\/huebsch.com\/latam\/wp-json\/wp\/v2\/types\/post"}],"author":[{"embeddable":true,"href":"https:\/\/huebsch.com\/latam\/wp-json\/wp\/v2\/users\/6"}],"replies":[{"embeddable":true,"href":"https:\/\/huebsch.com\/latam\/wp-json\/wp\/v2\/comments?post=16062"}],"version-history":[{"count":1,"href":"https:\/\/huebsch.com\/latam\/wp-json\/wp\/v2\/posts\/16062\/revisions"}],"predecessor-version":[{"id":16063,"href":"https:\/\/huebsch.com\/latam\/wp-json\/wp\/v2\/posts\/16062\/revisions\/16063"}],"wp:featuredmedia":[{"embeddable":true,"href":"https:\/\/huebsch.com\/latam\/wp-json\/wp\/v2\/media\/15215"}],"wp:attachment":[{"href":"https:\/\/huebsch.com\/latam\/wp-json\/wp\/v2\/media?parent=16062"}],"wp:term":[{"taxonomy":"category","embeddable":true,"href":"https:\/\/huebsch.com\/latam\/wp-json\/wp\/v2\/categories?post=16062"},{"taxonomy":"post_tag","embeddable":true,"href":"https:\/\/huebsch.com\/latam\/wp-json\/wp\/v2\/tags?post=16062"}],"curies":[{"name":"wp","href":"https:\/\/api.w.org\/{rel}","templated":true}]}}